{"id":848,"date":"2026-03-14T20:17:24","date_gmt":"2026-03-14T20:17:24","guid":{"rendered":"https:\/\/elnostreraco.cat\/?p=848"},"modified":"2026-03-25T20:20:48","modified_gmt":"2026-03-25T20:20:48","slug":"banys-de-bosc-beneficis-per-a-la-salut-i-per-a-la-gent-gran","status":"publish","type":"post","link":"https:\/\/elnostreraco.cat\/index.php\/2026\/03\/14\/banys-de-bosc-beneficis-per-a-la-salut-i-per-a-la-gent-gran\/","title":{"rendered":"Banys de bosc: beneficis per a la salut i per a la gent gran"},"content":{"rendered":"\n<p>Els <strong>banys de bosc<\/strong>, coneguts internacionalment amb el terme japon\u00e8s <em>shinrin-yoku<\/em>, s\u00f3n una pr\u00e0ctica de salut i benestar que consisteix a passar temps en un entorn forestal de manera conscient i pausada.<\/p>\n\n\n\n<p>No es tracta d\u2019una excursi\u00f3 esportiva ni d\u2019una caminada amb objectius f\u00edsics exigents, sin\u00f3 d\u2019una <strong>experi\u00e8ncia sensorial<\/strong>: caminar lentament, respirar profundament, observar la natura, escoltar els sons del bosc i connectar amb l\u2019entorn amb calma i atenci\u00f3 plena.<\/p>\n\n\n\n<p>Aquesta pr\u00e0ctica va comen\u00e7ar al Jap\u00f3 als anys vuitanta com una resposta als efectes de l\u2019estr\u00e8s urb\u00e0 i laboral. Amb el temps, diversos estudis han posat de manifest que el contacte regular amb espais naturals pot tenir <strong>efectes positius en la salut f\u00edsica, psicol\u00f2gica i emocional<\/strong>.<\/p>\n\n\n\n<p>Actualment, els banys de bosc s\u2019utilitzen tant en programes de prevenci\u00f3 de la salut com en activitats de benestar, especialment per a col\u00b7lectius que poden beneficiar-se d\u2019una activitat suau i restauradora, com \u00e9s el cas de <strong>la gent gran<\/strong>.<\/p>\n\n\n\n<h2 class=\"wp-block-heading\">Propietats i beneficis generals dels banys de bosc<\/h2>\n\n\n\n<p>Un dels beneficis m\u00e9s destacats dels banys de bosc \u00e9s la seva <strong>capacitat per reduir l\u2019estr\u00e8s i l\u2019ansietat<\/strong>. L\u2019exposici\u00f3 a entorns naturals ajuda a disminuir els nivells de cortisol (l\u2019hormona de l\u2019estr\u00e8s) i afavoreix la relaxaci\u00f3 del sistema nervi\u00f3s.<\/p>\n\n\n\n<p>El silenci, els colors naturals i el ritme pausat del bosc creen un context ideal per reduir la tensi\u00f3 mental i f\u00edsica.<\/p>\n\n\n\n<p>Tamb\u00e9 s\u2019ha observat que l\u2019aire dels boscos cont\u00e9 <strong>fitoncides<\/strong>, unes subst\u00e0ncies vol\u00e0tils produ\u00efdes pels arbres amb propietats antimicrobianes. La seva inhalaci\u00f3 s\u2019ha relacionat amb una millora de l\u2019activitat del sistema immunitari, fet que pot ajudar a refor\u00e7ar les defenses naturals de l\u2019organisme.<\/p>\n\n\n\n<p>Des del punt de vista f\u00edsic, caminar suaument per un entorn natural pot contribuir a:<\/p>\n\n\n\n<ul class=\"wp-block-list\">\n<li>millorar la salut cardiovascular<\/li>\n\n\n\n<li>reduir la pressi\u00f3 arterial<\/li>\n\n\n\n<li>afavorir la respiraci\u00f3 profunda<\/li>\n\n\n\n<li>disminuir la tensi\u00f3 muscular<\/li>\n<\/ul>\n\n\n\n<p>A m\u00e9s, la natura actua com un <strong>espai restaurador per a la ment<\/strong>: millora l\u2019atenci\u00f3, redueix la fatiga mental i afavoreix la claredat cognitiva.<\/p>\n\n\n\n<p>A nivell emocional, els banys de bosc fomenten una sensaci\u00f3 de <strong>calma, benestar i connexi\u00f3 amb l\u2019entorn<\/strong>. Moltes persones experimenten sentiments de gratitud, serenor i equilibri interior despr\u00e9s d\u2019aquest tipus d\u2019experi\u00e8ncia.<\/p>\n\n\n\n<h2 class=\"wp-block-heading\">Beneficis espec\u00edfics dels banys de bosc en la gent gran<\/h2>\n\n\n\n<p>En la gent gran, els beneficis dels banys de bosc poden ser especialment rellevants, ja que aquesta etapa de la vida sovint comporta canvis f\u00edsics, emocionals i socials que poden afectar la qualitat de vida.<\/p>\n\n\n\n<h2 class=\"wp-block-heading\">Activitat f\u00edsica suau i adaptada<\/h2>\n\n\n\n<p>Els banys de bosc ofereixen una <strong>activitat f\u00edsica moderada i adaptable<\/strong>. Caminar lentament per un bosc ajuda a mantenir:<\/p>\n\n\n\n<ul class=\"wp-block-list\">\n<li>la mobilitat articular<\/li>\n\n\n\n<li>la for\u00e7a muscular<\/li>\n\n\n\n<li>la resist\u00e8ncia f\u00edsica<\/li>\n<\/ul>\n\n\n\n<p>Tot aix\u00f2 sense exigir un esfor\u00e7 excessiu. Aquesta activitat pot contribuir a preservar l\u2019autonomia personal i a prevenir el <strong>sedentarisme<\/strong>, un factor de risc important en l\u2019envelliment.<\/p>\n\n\n\n<h2 class=\"wp-block-heading\">Reducci\u00f3 del dolor i tensions corporals<\/h2>\n\n\n\n<p>El contacte amb la natura pot ajudar a reduir <strong>dolors cr\u00f2nics i tensions corporals<\/strong>, especialment aquells associats a problemes osteoarticulars com l\u2019artrosi.<\/p>\n\n\n\n<p>El ritme tranquil i la relaxaci\u00f3 mental sovint afavoreixen una <strong>menor percepci\u00f3 del dolor<\/strong>.<\/p>\n\n\n\n<h2 class=\"wp-block-heading\">Estimulaci\u00f3 cognitiva<\/h2>\n\n\n\n<p>Els banys de bosc tamb\u00e9 poden tenir un impacte positiu en el <strong>funcionament cognitiu<\/strong>.<\/p>\n\n\n\n<p>Els est\u00edmuls sensorials naturals \u2014sons, olors, textures i llum natural\u2014 ajuden a:<\/p>\n\n\n\n<ul class=\"wp-block-list\">\n<li>mantenir activa la ment<\/li>\n\n\n\n<li>millorar l\u2019atenci\u00f3<\/li>\n\n\n\n<li>estimular la mem\u00f2ria<\/li>\n<\/ul>\n\n\n\n<p>Aquests factors poden contribuir a <strong>retardar el deteriorament cognitiu lleu<\/strong>, un aspecte especialment valu\u00f3s en una poblaci\u00f3 envellida.<\/p>\n\n\n\n<h2 class=\"wp-block-heading\">Benestar emocional i social<\/h2>\n\n\n\n<p>Pel que fa al benestar emocional, aquesta pr\u00e0ctica pot ajudar a reduir sentiments de:<\/p>\n\n\n\n<ul class=\"wp-block-list\">\n<li>solitud<\/li>\n\n\n\n<li>tristesa<\/li>\n\n\n\n<li>ansietat<\/li>\n<\/ul>\n\n\n\n<p>Aquests sentiments poden apar\u00e8ixer sovint en processos vitals com la jubilaci\u00f3, la p\u00e8rdua de persones estimades o la disminuci\u00f3 de les activitats socials.<\/p>\n\n\n\n<p>Quan els banys de bosc es fan <strong>en grup<\/strong>, a m\u00e9s, es converteixen en una oportunitat per fomentar la socialitzaci\u00f3 i el sentiment de pertinen\u00e7a. Compartir l\u2019experi\u00e8ncia amb altres persones pot millorar l\u2019autoestima, reduir l\u2019a\u00efllament social i refor\u00e7ar els vincles interpersonals.<\/p>\n\n\n\n<h2 class=\"wp-block-heading\">Millora de l\u2019equilibri i prevenci\u00f3 de caigudes<\/h2>\n\n\n\n<p>Caminar per terrenys naturals amb consci\u00e8ncia corporal pot ajudar a millorar:<\/p>\n\n\n\n<ul class=\"wp-block-list\">\n<li>l\u2019equilibri<\/li>\n\n\n\n<li>la coordinaci\u00f3<\/li>\n\n\n\n<li>la percepci\u00f3 corporal<\/li>\n<\/ul>\n\n\n\n<p>Aquests factors s\u00f3n clau per <strong>prevenir caigudes<\/strong>, un dels principals riscos per a la salut en la gent gran.<\/p>\n\n\n<div class=\"wp-block-image\">\n<figure class=\"aligncenter size-full is-resized\"><img data-opt-id=1429875490  fetchpriority=\"high\" decoding=\"async\" width=\"300\" height=\"169\" src=\"https:\/\/mlymyabdchui.i.optimole.com\/cb:AujO.960\/w:auto\/h:auto\/q:mauto\/ig:avif\/https:\/\/elnostreraco.cat\/wp-content\/uploads\/2026\/03\/Bany-de-Bosc.png\" alt=\"\" class=\"wp-image-857\" style=\"aspect-ratio:1.7753120665742026;width:622px;height:auto\"\/><\/figure>\n<\/div>\n\n\n<h2 class=\"wp-block-heading\">Qu\u00e8 diu la neuroci\u00e8ncia sobre els banys de bosc?<\/h2>\n\n\n\n<p>La neuroci\u00e8ncia ha estudiat cada vegada m\u00e9s l\u2019impacte que t\u00e9 el contacte amb la natura \u2014incloent-hi pr\u00e0ctiques com els banys de bosc\u2014 sobre el cervell, el sistema nervi\u00f3s i el benestar psicol\u00f2gic.<\/p>\n\n\n\n<p>Encara que no tots els mecanismes estan completament definits, hi ha for\u00e7a evid\u00e8ncia que passar temps en entorns naturals pot influir positivament en l\u2019activitat cerebral, l\u2019estr\u00e8s i les emocions.<\/p>\n\n\n\n<h2 class=\"wp-block-heading\">Efectes sobre l\u2019estr\u00e8s i el sistema nervi\u00f3s<\/h2>\n\n\n\n<p>Diversos estudis indiquen que el contacte amb la natura pot reduir l\u2019activaci\u00f3 del <strong>sistema nervi\u00f3s simp\u00e0tic<\/strong>, responsable de la resposta d\u2019estr\u00e8s (la reacci\u00f3 de \u201clluita o fugida\u201d), i afavorir el <strong>sistema parasimp\u00e0tic<\/strong>, associat a la relaxaci\u00f3 i la recuperaci\u00f3.<\/p>\n\n\n\n<p>Aix\u00f2 es tradueix en:<\/p>\n\n\n\n<ul class=\"wp-block-list\">\n<li>disminuci\u00f3 del cortisol<\/li>\n\n\n\n<li>reducci\u00f3 de la freq\u00fc\u00e8ncia card\u00edaca<\/li>\n\n\n\n<li>disminuci\u00f3 de la tensi\u00f3 arterial<\/li>\n\n\n\n<li>sensaci\u00f3 subjectiva de calma i benestar<\/li>\n<\/ul>\n\n\n\n<p>Des del punt de vista cerebral, s\u2019ha observat una menor activaci\u00f3 d\u2019\u00e0rees relacionades amb la <strong>rumiaci\u00f3 i l\u2019ansietat<\/strong>, com determinades zones de l\u2019escor\u00e7a prefrontal.<\/p>\n\n\n\n<h2 class=\"wp-block-heading\">Atenci\u00f3, concentraci\u00f3 i fatiga mental<\/h2>\n\n\n\n<p>Una teoria important en neuroci\u00e8ncia ambiental \u00e9s la <strong>teoria de la restauraci\u00f3 de l\u2019atenci\u00f3<\/strong>.<\/p>\n\n\n\n<p>Segons aquesta idea, els entorns naturals capten l\u2019atenci\u00f3 de manera suau i espont\u00e0nia (anomenada <em>atenci\u00f3 involunt\u00e0ria<\/em>), permetent que els circuits cerebrals responsables de l\u2019atenci\u00f3 dirigida \u2014molt utilitzats en la vida urbana\u2014 descansin i es recuperin.<\/p>\n\n\n\n<p>Aix\u00f2 pot comportar:<\/p>\n\n\n\n<ul class=\"wp-block-list\">\n<li>millor capacitat de concentraci\u00f3<\/li>\n\n\n\n<li>reducci\u00f3 de la fatiga mental<\/li>\n\n\n\n<li>augment de la creativitat<\/li>\n\n\n\n<li>m\u00e9s claredat cognitiva<\/li>\n<\/ul>\n\n\n\n<h2 class=\"wp-block-heading\">Emocions i salut mental<\/h2>\n\n\n\n<p>La natura tamb\u00e9 pot influir en els circuits cerebrals relacionats amb les emocions.<\/p>\n\n\n\n<p>L\u2019exposici\u00f3 a espais verds s\u2019ha associat a:<\/p>\n\n\n\n<ul class=\"wp-block-list\">\n<li>disminuci\u00f3 de s\u00edmptomes d\u2019ansietat i depressi\u00f3<\/li>\n\n\n\n<li>millora de l\u2019estat d\u2019\u00e0nim<\/li>\n\n\n\n<li>augment de sensacions de benestar i satisfacci\u00f3 vital<\/li>\n<\/ul>\n\n\n\n<p>Els est\u00edmuls sensorials naturals (sons, colors i olors) poden activar circuits cerebrals vinculats al <strong>plaer i la regulaci\u00f3 emocional<\/strong>.<\/p>\n\n\n\n<h2 class=\"wp-block-heading\">Mem\u00f2ria, envelliment i salut cognitiva<\/h2>\n\n\n\n<p>En persones grans, la neuroci\u00e8ncia suggereix que passar temps a la natura pot contribuir a:<\/p>\n\n\n\n<ul class=\"wp-block-list\">\n<li>mantenir l\u2019activitat cognitiva<\/li>\n\n\n\n<li>estimular la mem\u00f2ria i l\u2019atenci\u00f3<\/li>\n\n\n\n<li>reduir l\u2019a\u00efllament social<\/li>\n\n\n\n<li>disminuir el risc de deteriorament cognitiu<\/li>\n<\/ul>\n\n\n\n<p>Tot i que no \u00e9s una ter\u00e0pia curativa, el contacte amb entorns naturals pot formar part d\u2019<strong>estrat\u00e8gies de promoci\u00f3 de l\u2019envelliment saludable<\/strong>.<\/p>\n\n\n\n<h2 class=\"wp-block-heading\">Estimulaci\u00f3 multisensorial<\/h2>\n\n\n\n<p>Els banys de bosc impliquen una experi\u00e8ncia <strong>multisensorial rica<\/strong>: llum natural, olors vegetals, sons suaus i textures diverses.<\/p>\n\n\n\n<p>La neuroci\u00e8ncia indica que aquesta estimulaci\u00f3 variada pot:<\/p>\n\n\n\n<ul class=\"wp-block-list\">\n<li>afavorir la neuroplasticitat<\/li>\n\n\n\n<li>reduir la sobrec\u00e0rrega sensorial t\u00edpica dels entorns urbans<\/li>\n\n\n\n<li>promoure una millor regulaci\u00f3 emocional<\/li>\n<\/ul>\n\n\n\n<h2 class=\"wp-block-heading\">Reflexi\u00f3 final: tornar a sentir que som natura<\/h2>\n\n\n\n<p>Sentir-nos natura. Som un tot.<\/p>\n\n\n\n<p>En els darrers anys, el nostre estil de vida ens ha anat allunyant progressivament del contacte amb l\u2019entorn natural. Reconnectar amb la natura pot ajudar-nos a recuperar una part essencial del nostre equilibri interior.<\/p>\n\n\n\n<p>Passar temps al bosc no \u00e9s nom\u00e9s una activitat f\u00edsica o de lleure, sin\u00f3 tamb\u00e9 una oportunitat per <strong>retrobar la calma, escoltar-nos i reconnectar amb el que som<\/strong>.<\/p>\n\n\n\n<p>Des del <strong>Nostre Rac\u00f3<\/strong> podem experimentar l\u2019activitat de <strong>banys de bosc<\/strong>, aprofitant l\u2019entorn natural privilegiat que ens envolta.<\/p>\n\n\n\n<p><\/p>\n","protected":false},"excerpt":{"rendered":"<p>Els banys de bosc, coneguts internacionalment amb el terme japon\u00e8s shinrin-yoku, s\u00f3n una pr\u00e0ctica de salut i benestar que consisteix a passar temps en un entorn forestal de manera conscient i pausada. No es tracta d\u2019una excursi\u00f3 esportiva ni d\u2019una caminada amb objectius f\u00edsics exigents, sin\u00f3 d\u2019una experi\u00e8ncia sensorial: caminar [&hellip;]<\/p>\n","protected":false},"author":1,"featured_media":858,"comment_status":"closed","ping_status":"closed","sticky":false,"template":"","format":"standard","meta":{"footnotes":""},"categories":[46],"tags":[30],"class_list":["post-848","post","type-post","status-publish","format-standard","has-post-thumbnail","hentry","category-benestar-i-entorn","tag-salut"],"aioseo_notices":[],"_links":{"self":[{"href":"https:\/\/elnostreraco.cat\/index.php\/wp-json\/wp\/v2\/posts\/848","targetHints":{"allow":["GET"]}}],"collection":[{"href":"https:\/\/elnostreraco.cat\/index.php\/wp-json\/wp\/v2\/posts"}],"about":[{"href":"https:\/\/elnostreraco.cat\/index.php\/wp-json\/wp\/v2\/types\/post"}],"author":[{"embeddable":true,"href":"https:\/\/elnostreraco.cat\/index.php\/wp-json\/wp\/v2\/users\/1"}],"replies":[{"embeddable":true,"href":"https:\/\/elnostreraco.cat\/index.php\/wp-json\/wp\/v2\/comments?post=848"}],"version-history":[{"count":3,"href":"https:\/\/elnostreraco.cat\/index.php\/wp-json\/wp\/v2\/posts\/848\/revisions"}],"predecessor-version":[{"id":860,"href":"https:\/\/elnostreraco.cat\/index.php\/wp-json\/wp\/v2\/posts\/848\/revisions\/860"}],"wp:featuredmedia":[{"embeddable":true,"href":"https:\/\/elnostreraco.cat\/index.php\/wp-json\/wp\/v2\/media\/858"}],"wp:attachment":[{"href":"https:\/\/elnostreraco.cat\/index.php\/wp-json\/wp\/v2\/media?parent=848"}],"wp:term":[{"taxonomy":"category","embeddable":true,"href":"https:\/\/elnostreraco.cat\/index.php\/wp-json\/wp\/v2\/categories?post=848"},{"taxonomy":"post_tag","embeddable":true,"href":"https:\/\/elnostreraco.cat\/index.php\/wp-json\/wp\/v2\/tags?post=848"}],"curies":[{"name":"wp","href":"https:\/\/api.w.org\/{rel}","templated":true}]}}