{"id":788,"date":"2025-08-02T18:26:00","date_gmt":"2025-08-02T18:26:00","guid":{"rendered":"https:\/\/elnostreraco.cat\/?p=788"},"modified":"2025-08-02T18:26:01","modified_gmt":"2025-08-02T18:26:01","slug":"el-nostre-raco-2-actes-plens-dagraiment-i-satisfaccio","status":"publish","type":"post","link":"https:\/\/elnostreraco.cat\/index.php\/2025\/08\/02\/el-nostre-raco-2-actes-plens-dagraiment-i-satisfaccio\/","title":{"rendered":"El Nostre Rac\u00f3: 2 actes, plens d\u2019agra\u00efment i satisfacci\u00f3."},"content":{"rendered":"\n<h2 class=\"wp-block-heading\">Trobada de persones interessades en les cooperatives S\u00e8nior.     Sembrant junts projectes.<\/h2>\n\n\n\n<p>El passat 8 de juny ens v\u00e0rem trobar al Casal del barri de la Serra de Santa Maria de Palautordera, un grup de persones interessades en les Cooperatives S\u00e8nior, aprofitant el nostre inici d\u2019obres.<\/p>\n\n\n\n<p>A la trobada , varen assistir unes 60 persones, entre altres de les cooperatives ve\u00efnes m\u00e9s properes a la Font Martina, <strong>la Renega<\/strong>, <strong>Itaca Palau<\/strong>, i tamb\u00e9 de<strong> Can 70<\/strong> de Barcelona aix\u00ed com socis i s\u00f2cies expectants.<\/p>\n\n\n\n<p>En el torn de paraules v\u00e0rem explicar el llarg proc\u00e9s que ens ha portat fins aqu\u00ed, els obstacles que hav\u00edem trobat i la il\u00b7lusi\u00f3 que vol\u00edem compartir de l&#8217;inici d\u2019obres despr\u00e9s de tants treballs i reunions. Seguidament, un dels nostre arquitectes Daniel Nassar, que forma part, amb l\u2019Ana Fern\u00e1ndez, de l\u2019equip d\u2019arquitectes <strong>Col\u00b7lab<\/strong> que tant b\u00e9 ens han guiat, va explicar el projecte arquitect\u00f2nic dels nostres futurs habitatges.<\/p>\n\n\n\n<p>Volem expressar el nostre agra\u00efment a totes les persones que ens van acompanyar, tamb\u00e9 a l\u2019associaci\u00f3 de ve\u00efns i ve\u00efnes del barri que ens han cedit el local, i a les que ens han aconsellat i fet costat al llarg d\u2019aquests anys de preparaci\u00f3 del nostre repte.<\/p>\n\n\n\n<p>En aquesta trobada ens hem sentits \u00fatils i propers, tot celebrant el que som i el que serem i amb el prop\u00f2sit de voler que la nostra experi\u00e8ncia sigui una llum per altres projectes amb els que compartim valors.<\/p>\n\n\n\n<p>El <strong>Cohousing <\/strong>no \u00e9s nom\u00e9s una soluci\u00f3 residencial, sin\u00f3 tamb\u00e9 una forma de vida, una aposta per la ajuda m\u00fatua i l&#8217;autonomia compartida.<\/p>\n\n\n\n<h2 class=\"wp-block-heading\">Despr\u00e9s: Celebraci\u00f3 de l&#8217;inici d&#8217;obres. Un dia per a recordar entre amics.<\/h2>\n\n\n\n<p>En acabar la trobada al barri de la Serra v\u00e0rem enfilar cam\u00ed cap al nostre terreny, situat a la zona de Font Martina, per celebrar \u201cin situ\u201c l&#8217;inici d&#8217;obres. All\u00ed ens va acompanyar el Sr. Jordi Xena i Ib\u00e1\u00f1ez &#8211; Alcalde de Santa Maria de Palautordera, les seves paraules de suport i de confian\u00e7a ens varen fer sentir que som part del poble de Palau (Santa Maria de Palautordera).<\/p>\n\n\n\n<p>M\u00e9s tard, v\u00e0rem fer una lectura de poesies dedicades als arbres que plantarem i que compartiran la nostra mateixa terra: <strong>un Til\u00b7ler i una Olivera<\/strong>. Tamb\u00e9 v\u00e0rem soterrar una caixa amb frases i bons desitjos escrits pels assistents, una esp\u00e8cie de c\u00e0psula del temps col\u00b7lectiva que guardar\u00e0 per sempre trossets de les nostres esperances, compromisos personals i somnis compartits. I finalment v\u00e0rem ballar amb la m\u00fasica de l&#8217;acordi\u00f3 i el clarinet per part d&#8217;en Max i en Pep Pascual.<\/p>\n\n\n\n<p>Volem expressar aqu\u00ed un agra\u00efment especial pels nostres ve\u00efns i ve\u00efnes, amics ja, d\u2019\u00cdtaca Palau, que ens varen fer costat en l\u2019acte i que compartiran somni, projecte i construcci\u00f3 amb nosaltres.<\/p>\n\n\n\n<figure class=\"wp-block-image size-large\"><img data-opt-id=1110489713  fetchpriority=\"high\" decoding=\"async\" width=\"1024\" height=\"529\" src=\"https:\/\/mlymyabdchui.i.optimole.com\/cb:AujO.960\/w:1024\/h:529\/q:mauto\/ig:avif\/https:\/\/elnostreraco.cat\/wp-content\/uploads\/2025\/08\/Imagen-de-WhatsApp-2025-08-02-a-las-19.33.43_be44138d.jpg\" alt=\"\" class=\"wp-image-790\" srcset=\"https:\/\/mlymyabdchui.i.optimole.com\/cb:AujO.960\/w:1024\/h:529\/q:mauto\/ig:avif\/https:\/\/elnostreraco.cat\/wp-content\/uploads\/2025\/08\/Imagen-de-WhatsApp-2025-08-02-a-las-19.33.43_be44138d.jpg 1024w, https:\/\/mlymyabdchui.i.optimole.com\/cb:AujO.960\/w:300\/h:155\/q:mauto\/ig:avif\/https:\/\/elnostreraco.cat\/wp-content\/uploads\/2025\/08\/Imagen-de-WhatsApp-2025-08-02-a-las-19.33.43_be44138d.jpg 300w, https:\/\/mlymyabdchui.i.optimole.com\/cb:AujO.960\/w:768\/h:396\/q:mauto\/ig:avif\/https:\/\/elnostreraco.cat\/wp-content\/uploads\/2025\/08\/Imagen-de-WhatsApp-2025-08-02-a-las-19.33.43_be44138d.jpg 768w, https:\/\/mlymyabdchui.i.optimole.com\/cb:AujO.960\/w:1536\/h:793\/q:mauto\/ig:avif\/https:\/\/elnostreraco.cat\/wp-content\/uploads\/2025\/08\/Imagen-de-WhatsApp-2025-08-02-a-las-19.33.43_be44138d.jpg 1536w, https:\/\/mlymyabdchui.i.optimole.com\/cb:AujO.960\/w:1600\/h:826\/q:mauto\/ig:avif\/https:\/\/elnostreraco.cat\/wp-content\/uploads\/2025\/08\/Imagen-de-WhatsApp-2025-08-02-a-las-19.33.43_be44138d.jpg 1600w\" sizes=\"(max-width: 750px) 100vw, 750px\" \/><\/figure>\n\n\n\n<p>M\u00e9s enll\u00e0 del simbolisme, aquesta jornada ens va oferir <strong>la certesa  d&#8217;estar en el lloc correcte, en el moment adequat i  amb  la gent adequada<\/strong>. Perqu\u00e8 aquest cam\u00ed cap a un cohousing s\u00e8nior no es camina en solitud, sin\u00f3 en comunitat, amistat i respecte.<\/p>\n\n\n\n<p>Seguim endavant, juntes, amb il\u00b7lusi\u00f3 i gratitud!<\/p>\n\n\n\n<p><\/p>\n","protected":false},"excerpt":{"rendered":"<p>Trobada de persones interessades en les cooperatives S\u00e8nior. Sembrant junts projectes. El passat 8 de juny ens v\u00e0rem trobar al Casal del barri de la Serra de Santa Maria de Palautordera, un grup de persones interessades en les Cooperatives S\u00e8nior, aprofitant el nostre inici d\u2019obres. A la trobada , varen [&hellip;]<\/p>\n","protected":false},"author":2,"featured_media":789,"comment_status":"closed","ping_status":"open","sticky":false,"template":"","format":"standard","meta":{"footnotes":""},"categories":[35],"tags":[28],"class_list":["post-788","post","type-post","status-publish","format-standard","has-post-thumbnail","hentry","category-cohousing-senior","tag-cohabitatge-a-catalunya"],"aioseo_notices":[],"_links":{"self":[{"href":"https:\/\/elnostreraco.cat\/index.php\/wp-json\/wp\/v2\/posts\/788","targetHints":{"allow":["GET"]}}],"collection":[{"href":"https:\/\/elnostreraco.cat\/index.php\/wp-json\/wp\/v2\/posts"}],"about":[{"href":"https:\/\/elnostreraco.cat\/index.php\/wp-json\/wp\/v2\/types\/post"}],"author":[{"embeddable":true,"href":"https:\/\/elnostreraco.cat\/index.php\/wp-json\/wp\/v2\/users\/2"}],"replies":[{"embeddable":true,"href":"https:\/\/elnostreraco.cat\/index.php\/wp-json\/wp\/v2\/comments?post=788"}],"version-history":[{"count":5,"href":"https:\/\/elnostreraco.cat\/index.php\/wp-json\/wp\/v2\/posts\/788\/revisions"}],"predecessor-version":[{"id":796,"href":"https:\/\/elnostreraco.cat\/index.php\/wp-json\/wp\/v2\/posts\/788\/revisions\/796"}],"wp:featuredmedia":[{"embeddable":true,"href":"https:\/\/elnostreraco.cat\/index.php\/wp-json\/wp\/v2\/media\/789"}],"wp:attachment":[{"href":"https:\/\/elnostreraco.cat\/index.php\/wp-json\/wp\/v2\/media?parent=788"}],"wp:term":[{"taxonomy":"category","embeddable":true,"href":"https:\/\/elnostreraco.cat\/index.php\/wp-json\/wp\/v2\/categories?post=788"},{"taxonomy":"post_tag","embeddable":true,"href":"https:\/\/elnostreraco.cat\/index.php\/wp-json\/wp\/v2\/tags?post=788"}],"curies":[{"name":"wp","href":"https:\/\/api.w.org\/{rel}","templated":true}]}}