{"id":671,"date":"2025-01-26T19:35:12","date_gmt":"2025-01-26T19:35:12","guid":{"rendered":"https:\/\/elnostreraco.cat\/?p=671"},"modified":"2025-01-26T21:39:15","modified_gmt":"2025-01-26T21:39:15","slug":"la-importancia-de-la-col-laboracio-per-a-lexit-comu","status":"publish","type":"post","link":"https:\/\/elnostreraco.cat\/index.php\/2025\/01\/26\/la-importancia-de-la-col-laboracio-per-a-lexit-comu\/","title":{"rendered":"La import\u00e0ncia de la col-laboraci\u00f3 per a l&#8217;\u00c8xit Com\u00fa"},"content":{"rendered":"\n<h2 class=\"wp-block-heading has-text-align-center\">                                Enfortint vincles a la trobada<\/h2>\n\n\n\n<p>Avui 12 de gener del 2025 passades les festes i menjars de Nadal, per primera vegada, ens hem pogut reunir a Llinars tots els components de les cooperatives \u00cdtaca Palau i El nostre Rac\u00f3.<\/p>\n\n\n\n<p>Els dos co-habitatges ve\u00efns que ens establirem a Santa Maria de Palautordera.<\/p>\n\n\n\n<p>Ha estat un menjar de germanor cordial, col.laboratiu i fruct\u00edfer que ens ha fet veure la fortalesa i dimensi\u00f3 dels nostres projectes.<\/p>\n\n\n\n<p>En total, entre les dues cooperatives, som 15 persones, \u00e9s a dir 5 homes i 10 dones.<\/p>\n\n\n\n<p>Aix\u00ed doncs hem pres la decisi\u00f3 de portar en com\u00fa el projecte de construcci\u00f3 dels nostres co-habitatges.<\/p>\n\n\n\n<p>Aquest fet ens aportar\u00e0 cert benefici econ\u00f2mic com tamb\u00e9 una interrelaci\u00f3 entre els dos grups la qual cosa ens enfortir\u00e0 a tots.<\/p>\n\n\n\n<h2 class=\"wp-block-heading has-text-align-center\">Encaminats al futur: Col\u00b7laboraci\u00f3 al Cohousing S\u00e8nior<\/h2>\n\n\n\n<p>Estem a la \u201crecta final d&#8217;aquest tan esperat inici\u201d, a les portes del vistiplau del finan\u00e7ament amb la nostra banca \u00e8tica.<\/p>\n\n\n\n<p>Acabant encara de definir els detalls dels habitatges i el tancament dels contractes amb la constructora.<\/p>\n\n\n\n<p>Avui hem comen\u00e7at a parlar tamb\u00e9 del futur en uni\u00f3 i de com abordar els projectes comuns dels co-habitatge s\u00e8nior.<\/p>\n\n\n\n<p>Aix\u00ed com de possibles col\u00b7laboracions entre nosaltres i fins i tot amb la societat en la qual vivim.<\/p>\n\n\n\n<h2 class=\"wp-block-heading has-text-align-center\">Projectant les nostres Il\u00b7lusions<\/h2>\n\n\n\n<p>Entre tots i totes sumem molts anys acumulats de feina, a m\u00e9s d&#8217;experi\u00e8ncies i sentiments per a compartir.  Podent continuar enriquint-nos com a persones i com a grup.<\/p>\n\n\n<div class=\"wp-block-image\">\n<figure class=\"aligncenter size-large is-resized\"><img data-opt-id=1468462414  fetchpriority=\"high\" decoding=\"async\" width=\"1024\" height=\"537\" src=\"https:\/\/mlymyabdchui.i.optimole.com\/cb:AujO.960\/w:1024\/h:537\/q:mauto\/ig:avif\/https:\/\/elnostreraco.cat\/wp-content\/uploads\/2025\/01\/Llinars-2025-01-12-a-las-13.58.10_62b1d1d2.jpg\" alt=\"El Nostre Raco trobada a LLinars\" class=\"wp-image-665\" style=\"width:533px\"\/><\/figure>\n<\/div>\n\n\n<p>Sempre pensant en el benestar de tothom i tamb\u00e9 intentant posar potser, el nostre granet de sorra per a futurs projectes de cohousing com el nostre.<\/p>\n\n\n\n<p><br>Encara queda una mica de temps i for\u00e7a feina pel davant abans d&#8217;estar definitivament instal\u00b7lats a Santa Maria de Palautordera. <\/p>\n\n\n\n<p>Per\u00f2, afortunadament amb la il\u00b7lusi\u00f3 que \u00e9s possible veure la llum al final del t\u00fanel.<\/p>\n\n\n\n<p>L&#8217;\u00e0nim de seguir endavant, superant els obstacles i perfilant la vida en com\u00fa, en cooperaci\u00f3, en un espai amable, sostenible i envoltats de natura com \u00e9s la plana del Montseny.<\/p>\n\n\n\n<p><br>Continuem endavant!!!!!!!!!<\/p>\n","protected":false},"excerpt":{"rendered":"<p>Trobada cohabitatges Itaca Palau &#8211; El Nostre Rac\u00f3<\/p>\n","protected":false},"author":2,"featured_media":668,"comment_status":"closed","ping_status":"closed","sticky":false,"template":"","format":"standard","meta":{"footnotes":""},"categories":[6],"tags":[28],"class_list":["post-671","post","type-post","status-publish","format-standard","has-post-thumbnail","hentry","category-creant-proyecte-de-cohousing","tag-cohabitatge-a-catalunya"],"aioseo_notices":[],"_links":{"self":[{"href":"https:\/\/elnostreraco.cat\/index.php\/wp-json\/wp\/v2\/posts\/671","targetHints":{"allow":["GET"]}}],"collection":[{"href":"https:\/\/elnostreraco.cat\/index.php\/wp-json\/wp\/v2\/posts"}],"about":[{"href":"https:\/\/elnostreraco.cat\/index.php\/wp-json\/wp\/v2\/types\/post"}],"author":[{"embeddable":true,"href":"https:\/\/elnostreraco.cat\/index.php\/wp-json\/wp\/v2\/users\/2"}],"replies":[{"embeddable":true,"href":"https:\/\/elnostreraco.cat\/index.php\/wp-json\/wp\/v2\/comments?post=671"}],"version-history":[{"count":5,"href":"https:\/\/elnostreraco.cat\/index.php\/wp-json\/wp\/v2\/posts\/671\/revisions"}],"predecessor-version":[{"id":702,"href":"https:\/\/elnostreraco.cat\/index.php\/wp-json\/wp\/v2\/posts\/671\/revisions\/702"}],"wp:featuredmedia":[{"embeddable":true,"href":"https:\/\/elnostreraco.cat\/index.php\/wp-json\/wp\/v2\/media\/668"}],"wp:attachment":[{"href":"https:\/\/elnostreraco.cat\/index.php\/wp-json\/wp\/v2\/media?parent=671"}],"wp:term":[{"taxonomy":"category","embeddable":true,"href":"https:\/\/elnostreraco.cat\/index.php\/wp-json\/wp\/v2\/categories?post=671"},{"taxonomy":"post_tag","embeddable":true,"href":"https:\/\/elnostreraco.cat\/index.php\/wp-json\/wp\/v2\/tags?post=671"}],"curies":[{"name":"wp","href":"https:\/\/api.w.org\/{rel}","templated":true}]}}