{"id":517,"date":"2023-12-16T21:04:21","date_gmt":"2023-12-16T21:04:21","guid":{"rendered":"https:\/\/elnostreraco.cat\/?p=517"},"modified":"2024-05-11T09:08:38","modified_gmt":"2024-05-11T09:08:38","slug":"es-car-viure-en-un-cohousing","status":"publish","type":"post","link":"https:\/\/elnostreraco.cat\/index.php\/2023\/12\/16\/es-car-viure-en-un-cohousing\/","title":{"rendered":"Es car viure en un Cohousing?"},"content":{"rendered":"\n<h2 class=\"wp-block-heading has-text-align-center\">No es car viure en un cohousing, rotundament no!<\/h2>\n\n\n\n<p>Rotundament no! No es car car viure en un cohousing. Per\u00f2 cal donar m\u00e9s explicacions, perqu\u00e8 cal matissar. Un <strong>cohousing<\/strong> te unes caracter\u00edstiques diferencials amb un habitatge individual a l\u2019\u00fas. I aquestes caracter\u00edstiques faran que sigui m\u00e9s car o m\u00e9s econ\u00f2mic viure en el cohousing.<\/p>\n\n\n\n<h2 class=\"wp-block-heading has-text-align-center\">Qu\u00e8 fa que sigui car?<br><\/h2>\n\n\n\n<p>Les caracter\u00edstiques arquitect\u00f2niques de disseny, de la construcci\u00f3, materials, tamany dels habitatges, els serveis i un llarg etc. Per\u00f2 ni m\u00e9s ni menys que un habitatge individual, hi ha de tots els tamanys i preus, perqu\u00e8 <strong>dep\u00e8n de la voluntat del grup<\/strong> que projecta el cohousing.<br>Ser\u00e0 determinat la localitzaci\u00f3 i el preu de mercat del solar, veiem algunes posibilitats:<\/p>\n\n\n\n<ul class=\"wp-block-list\">\n<li>Urb\u00e0<\/li>\n\n\n\n<li>Petit poble<\/li>\n\n\n\n<li>Gran ciutat<\/li>\n\n\n\n<li>Rural<\/li>\n\n\n\n<li>Grand\u00e0ria dels habitatges, amb jard\u00ed<\/li>\n\n\n\n<li>Amb hort<\/li>\n\n\n\n<li>Amb piscina<\/li>\n\n\n\n<li>Casetes<\/li>\n\n\n\n<li>Pisos<\/li>\n\n\n\n<li>Edifici<\/li>\n\n\n\n<li>Amb garatge<\/li>\n\n\n\n<li>Es pot compartir habitatge si s\u2019est\u00e0 sol?<\/li>\n\n\n\n<li>Les cures\u2026 com seran?<\/li>\n\n\n\n<li>Com es resoldr\u00e0 el moment de la depend\u00e8ncia?<\/li>\n<\/ul>\n\n\n\n<p><br>Si es fan n\u00fameros, viure de manera independent en un habitatge a una gran ciutat, no es econ\u00f2mic. Pagar Impostos, serveis de llum, aigua, gas? assegurances diverses, <strong>si es viu en una comunitat de ve\u00efns cal pagar un administrador<\/strong>, i tants etc. com vulguem, perqu\u00e8 no es igual viure en un pis al centre, que a un barri perif\u00e8ric, o en una casa amb piscina i molts metres de jard\u00ed privat.<br>Per tant, no es pot dir que viure en cohousing es car.<\/p>\n\n\n\n<h2 class=\"wp-block-heading has-text-align-center\">Els models son a la mida de les butxaques dels residents.<\/h2>\n\n\n\n<p>La mesura del cost ho marca les possibilitats econ\u00f2miques del grup que projecta viure en comunitat amb aquest model.<br>Veiem que viure en comunitat de ve\u00efns a l\u2019\u00fas, que no es coneixen i en un habitatge independent i privat de tot i tots, pot ser un valor per algunes persones, que <strong>no es pot mesurar econ\u00f2micament<\/strong>, es un model respectable, per\u00f2 segurament molt card, perqu\u00e8 com resoldr\u00e0 el ser cuidat?. Segurament tindr\u00e0 de pagar serveis domiciliaris. I quan la depend\u00e8ncia demani m\u00e9s, com es resol aquesta realitat? Doncs amb m\u00e9s cost econ\u00f2mic. Ja sigui al domicili particular, o en un centre assistencial.<\/p>\n\n\n\n<h2 class=\"wp-block-heading has-text-align-center\">Vol dir que en un cohousing no es dona aquesta realitat? <\/h2>\n\n\n\n<p>No, vol dir que <strong>en una vida col\u2022laborativa, es resolen els temes de manera comunit\u00e0ria<\/strong>, i normalment es molt m\u00e9s econ\u00f2mic. Per comen\u00e7ar les despeses de serveis solen ser tamb\u00e9 comunit\u00e0ries i per tant m\u00e9s econ\u00f2miques. I les cures dels fets quotidians, poden ser tamb\u00e9 resoltes de manera comunit\u00e0ria. A l\u2019estil de la vida de ve\u00efnat antic, on les fam\u00edlies ve\u00efnes formaven equip de cures de criatures o gent gran. Compres col\u2022lectives d\u2019oli, sacs de patates, llegums, etc.<br><strong>Tot all\u00f2 que es fa col\u2022lectiu, sol ser molt m\u00e9s que econ\u00f2mic<\/strong>, es un grau de qualitat de vida emocional m\u00e9s alt. Que no es pot mesurar econ\u00f2micament.<\/p>\n\n\n\n<h2 class=\"wp-block-heading has-text-align-center\">El valor m\u00e9s gran de un cohousing, es el hum\u00e0. <\/h2>\n\n\n\n<p><strong>Viure compromesos uns amb els altres<\/strong>, sentir-se part de un projecte on tots i totes seran cuidats i cuidadors. No es te en un habitatge al \u00fas. Un cohousing te moltes coses econ\u00f2miques, com son els serveis i les compres col\u2022lectives. Per\u00f2 <strong>el major valor, es el caliu i comprom\u00eds voluntari de voler cuidar i ser cuidat<\/strong>.<br>Per tant, no, viure en un cohousing no es m\u00e9s car.<\/p>\n\n\n\n<p>Si vols coneixer qui som clicka <a href=\"https:\/\/elnostreraco.cat\/index.php\/qui-som\/\" target=\"_blank\" rel=\"noopener\" title=\"Qui Som?\">aqu\u00ec<\/a>.<\/p>\n","protected":false},"excerpt":{"rendered":"<p>Viure en un cohousing no es m\u00e9s car. El major valor, es el caliu i comprom\u00eds voluntari de voler cuidar i ser cuidat. Un cohousing te unes caracter\u00edstiques diferencials amb un habitatge individual a l\u2019\u00fas. I aquestes caracter\u00edstiques faran que sigui m\u00e9s car o m\u00e9s econ\u00f2mic viure en el cohousing.<\/p>\n","protected":false},"author":1,"featured_media":518,"comment_status":"closed","ping_status":"closed","sticky":false,"template":"","format":"standard","meta":{"footnotes":""},"categories":[6],"tags":[28],"class_list":["post-517","post","type-post","status-publish","format-standard","has-post-thumbnail","hentry","category-creant-proyecte-de-cohousing","tag-cohabitatge-a-catalunya"],"aioseo_notices":[],"_links":{"self":[{"href":"https:\/\/elnostreraco.cat\/index.php\/wp-json\/wp\/v2\/posts\/517","targetHints":{"allow":["GET"]}}],"collection":[{"href":"https:\/\/elnostreraco.cat\/index.php\/wp-json\/wp\/v2\/posts"}],"about":[{"href":"https:\/\/elnostreraco.cat\/index.php\/wp-json\/wp\/v2\/types\/post"}],"author":[{"embeddable":true,"href":"https:\/\/elnostreraco.cat\/index.php\/wp-json\/wp\/v2\/users\/1"}],"replies":[{"embeddable":true,"href":"https:\/\/elnostreraco.cat\/index.php\/wp-json\/wp\/v2\/comments?post=517"}],"version-history":[{"count":4,"href":"https:\/\/elnostreraco.cat\/index.php\/wp-json\/wp\/v2\/posts\/517\/revisions"}],"predecessor-version":[{"id":522,"href":"https:\/\/elnostreraco.cat\/index.php\/wp-json\/wp\/v2\/posts\/517\/revisions\/522"}],"wp:featuredmedia":[{"embeddable":true,"href":"https:\/\/elnostreraco.cat\/index.php\/wp-json\/wp\/v2\/media\/518"}],"wp:attachment":[{"href":"https:\/\/elnostreraco.cat\/index.php\/wp-json\/wp\/v2\/media?parent=517"}],"wp:term":[{"taxonomy":"category","embeddable":true,"href":"https:\/\/elnostreraco.cat\/index.php\/wp-json\/wp\/v2\/categories?post=517"},{"taxonomy":"post_tag","embeddable":true,"href":"https:\/\/elnostreraco.cat\/index.php\/wp-json\/wp\/v2\/tags?post=517"}],"curies":[{"name":"wp","href":"https:\/\/api.w.org\/{rel}","templated":true}]}}