{"id":504,"date":"2023-11-28T12:42:17","date_gmt":"2023-11-28T12:42:17","guid":{"rendered":"https:\/\/elnostreraco.cat\/?p=504"},"modified":"2024-05-11T09:08:46","modified_gmt":"2024-05-11T09:08:46","slug":"cansament","status":"publish","type":"post","link":"https:\/\/elnostreraco.cat\/index.php\/2023\/11\/28\/cansament\/","title":{"rendered":"Cansament"},"content":{"rendered":"\n<p>Si, el proc\u00e9s es molt cansat.<br>Quan van comen\u00e7ar les dues s\u00f2cies promotores de EL NOSTRE RAC\u00d3, van sentir que el cam\u00ed era ja iniciat, un cop tenien el lloc, tot seria m\u00e9s f\u00e0cil que fins a les hores, ja que aquesta fita, es en molts casos, motius de cansament i aband\u00f3 de membres en altres grups. I elles que ja venien de viure un recorregut suficient per saber-ho, van pensar en tirar <strong>endavant<\/strong> amb el projecte, fent un contracte d\u2019arres amb el propietari que venia el solar, tot i no tenir el grup muntat, que \u00e9s el que dona <strong>seguretat<\/strong> econ\u00f2mica per sentir que \u201c<strong>el somni es possible<\/strong>\u201d.<br>Doncs vet aqu\u00ed que en aquest cas, va <strong>comen\u00e7ar<\/strong> tot de manera poc habitual.<br>Tamb\u00e9 es poc habitual, el nombre de membres en aquest projecte, ja que tamb\u00e9 es parla de un major nombre per la rendibilitat econ\u00f2mica que siguin uns vint socis\/es. Doncs aqu\u00ed som sis s\u00f2cies i 8 ve\u00efns en total.<br>Cap de nosaltres es del lloc on viurem, un altre <strong>repte<\/strong>, con\u00e8ixer l\u2019entorn, respirar i sentir-se part d\u2019aquest espai, participar i sumar en els esfor\u00e7os col\u2022lectius de l\u2019entorn. Treball que anem fent mica en mica.<br>Tot i tenir un equip professional en el projecte, l\u2019Ana Fern\u00e1ndez i el Daniel Nassar, fundadors de COL\u2022LAB amb traject\u00f2ria professional en el mon de l\u2019arquitectura del cohabitatge a Holanda, i que ens donen seguretat en tot el cam\u00ed que estem recorrent, no \u00e9s f\u00e0cil no defallir.<\/p>\n\n\n\n<h3 class=\"wp-block-heading\">Ja que per m\u00e9s que ens imagin\u00e9ssim els entrebancs administratius que solen acompanyar una moguda com aquesta, \u201cla realitat supera la ficci\u00f3\u201d com diu la dita.<\/h3>\n\n\n\n<p>\u00c9s el moment de comen\u00e7ar a construir, per\u00f2 no tenim els <strong>permisos<\/strong> corresponents, perqu\u00e8 hi ha papers que no arriben, per uns \u201caltres papers\u201d que s\u2019han d\u2019actualitzar en el registre de la propietat, ja que han de ser coincidents totes les dades, i 16m no s\u2019ajusten a la realitat del <strong>cadastre<\/strong> i el <strong>registre<\/strong>, i en aquests moments, mor una de les persones que portava un tr\u00e0mit en l\u2019administraci\u00f3 i la persona que el reempla\u00e7a, necessita \u201cel seu temps\u201d per fer <strong>rutllar<\/strong>, uns temes que el predecessor, ja tenia \u201ccoll a ball\u201d, passen els mesos. Els preus de la construcci\u00f3 s\u2019enfilen, l\u2019eur\u00edbor tamb\u00e9, les hipoteques pugen i pugen. El poder econ\u00f2mic del grup, segueix sent el que era.<br>Podria ser aquest escenari suficient motiu per cansar-se i engegar-ho tot a rodar?<br>Tenim ja, la m\u00e9s jove 60, el m\u00e9s gran 74 anys. A aquestes edats, ja no \u00e9s habitual <strong>emprendre<\/strong> una odissea com aquesta. Podria pensar-se que no estem en la realitat, que <strong>perseguim <\/strong>un somni i que ja es moment de tocar de peus a terra. Perqu\u00e8 tot i tenir professionals, la emprenedoria es del grup que som els promotors.<br>Doncs, no defallim. Si la nostra <strong>experi\u00e8ncia <\/strong>de vida serveix per quelcom m\u00e9s que sumar dies als anys, tamb\u00e9 ens ha ensenyat que per arribar a la meta, s\u2019ha de fer el cam\u00ed. I aix\u00f2 es el que estem fent. Sortegem els entrebancs, ens adaptem a les novetats \u201dno desitjades\u201d, rebaixem expectatives i redu\u00edem el somni a les nostres possibilitats econ\u00f2miques especialment, per\u00f2 tot i que ens cansem, <mark style=\"background-color:rgba(0, 0, 0, 0)\" class=\"has-inline-color has-background-color-color\">no abandonarem<\/mark>.<\/p>\n","protected":false},"excerpt":{"rendered":"<p>Si, el proc\u00e9s es molt cansat.Quan van comen\u00e7ar les dues s\u00f2cies promotores de EL NOSTRE RAC\u00d3, van sentir que el cam\u00ed era ja iniciat, un cop tenien el lloc, tot seria m\u00e9s f\u00e0cil que fins a les hores, ja que aquesta fita, es en molts casos, motius de cansament i [&hellip;]<\/p>\n","protected":false},"author":1,"featured_media":505,"comment_status":"closed","ping_status":"closed","sticky":false,"template":"","format":"standard","meta":{"footnotes":""},"categories":[6],"tags":[28],"class_list":["post-504","post","type-post","status-publish","format-standard","has-post-thumbnail","hentry","category-creant-proyecte-de-cohousing","tag-cohabitatge-a-catalunya"],"aioseo_notices":[],"_links":{"self":[{"href":"https:\/\/elnostreraco.cat\/index.php\/wp-json\/wp\/v2\/posts\/504","targetHints":{"allow":["GET"]}}],"collection":[{"href":"https:\/\/elnostreraco.cat\/index.php\/wp-json\/wp\/v2\/posts"}],"about":[{"href":"https:\/\/elnostreraco.cat\/index.php\/wp-json\/wp\/v2\/types\/post"}],"author":[{"embeddable":true,"href":"https:\/\/elnostreraco.cat\/index.php\/wp-json\/wp\/v2\/users\/1"}],"replies":[{"embeddable":true,"href":"https:\/\/elnostreraco.cat\/index.php\/wp-json\/wp\/v2\/comments?post=504"}],"version-history":[{"count":5,"href":"https:\/\/elnostreraco.cat\/index.php\/wp-json\/wp\/v2\/posts\/504\/revisions"}],"predecessor-version":[{"id":515,"href":"https:\/\/elnostreraco.cat\/index.php\/wp-json\/wp\/v2\/posts\/504\/revisions\/515"}],"wp:featuredmedia":[{"embeddable":true,"href":"https:\/\/elnostreraco.cat\/index.php\/wp-json\/wp\/v2\/media\/505"}],"wp:attachment":[{"href":"https:\/\/elnostreraco.cat\/index.php\/wp-json\/wp\/v2\/media?parent=504"}],"wp:term":[{"taxonomy":"category","embeddable":true,"href":"https:\/\/elnostreraco.cat\/index.php\/wp-json\/wp\/v2\/categories?post=504"},{"taxonomy":"post_tag","embeddable":true,"href":"https:\/\/elnostreraco.cat\/index.php\/wp-json\/wp\/v2\/tags?post=504"}],"curies":[{"name":"wp","href":"https:\/\/api.w.org\/{rel}","templated":true}]}}